{"id":4620,"date":"2026-08-31T17:20:45","date_gmt":"2026-08-31T17:20:45","guid":{"rendered":"https:\/\/nasnews.press.ma\/?p=4620"},"modified":"2026-08-31T17:21:21","modified_gmt":"2026-08-31T17:21:21","slug":"lettre-destinee-a-monsieur-le-gouverneur-de-berkan","status":"publish","type":"post","link":"https:\/\/nasnews.press.ma\/?p=4620","title":{"rendered":"lettre destin\u00e9e a monsieur le gouverneur de berkan"},"content":{"rendered":"\n<p class=\"wp-block-paragraph\">\u00c0 l\u2019attention de Monsieur le Gouverneur de la Province de<br>Berkane<\/p>\n\n\n\n<p class=\"wp-block-paragraph\">Objet<\/p>\n\n\n\n<p class=\"wp-block-paragraph\">Demande de fermeture \u00e0 la circulation automobile et aux engins motoris\u00e9s, de restitution de la voie pi\u00e9tonne et du maintien durable de sa vocation pi\u00e9tonne<\/p>\n\n\n\n<p class=\"wp-block-paragraph\">Monsieur le Gouverneur,<\/p>\n\n\n\n<p class=\"wp-block-paragraph\">Nous, habitants, r\u00e9sidents, propri\u00e9taires, associations, commer\u00e7ants, estivants et usagers de Sa\u00efdia, souhaitons attirer votre attention sur la situation pr\u00e9occupante r\u00e9sultant de<br>l\u2019ouverture \u00e0 la circulation automobile de la voie littorale constitu\u00e9e de deux tron\u00e7ons : le premier entre l\u2019\u00e9tablissement Caracas et la Marina de Sa\u00efdia, et le second entre la Marina de Sa\u00efdia et la r\u00e9sidence Madame Vacances.<\/p>\n\n\n\n<p class=\"wp-block-paragraph\">Cette voie a \u00e9t\u00e9 cr\u00e9\u00e9e, am\u00e9nag\u00e9e et utilis\u00e9e comme voie pi\u00e9tonne depuis son origine. Durant de nombreuses ann\u00e9es, elle a constitu\u00e9 un espace de promenade, de d\u00e9tente et de convivialit\u00e9, sans circulation automobile ni d\u2019engins motoris\u00e9s. Elle \u00e9tait fr\u00e9quent\u00e9e<br>quotidiennement par les familles, les enfants, les personnes \u00e2g\u00e9es, les sportifs, les r\u00e9sidents et les visiteurs.<\/p>\n\n\n\n<p class=\"wp-block-paragraph\">Son ouverture r\u00e9cente \u00e0 la circulation automobile a profond\u00e9ment modifi\u00e9 sa destination, son usage et son environnement. Un espace historiquement consacr\u00e9 \u00e0 la promenade se trouve d\u00e9sormais expos\u00e9 \u00e0 la circulation, au stationnement, aux nuisances sonores et<br>aux risques li\u00e9s \u00e0 la pr\u00e9sence de v\u00e9hicules et d\u2019engins motoris\u00e9s au milieu des<br>pi\u00e9tons.<\/p>\n\n\n\n<p class=\"wp-block-paragraph\">Cette situation affecte la s\u00e9curit\u00e9 et la tranquillit\u00e9 des usagers, en particulier des enfants, des personnes \u00e2g\u00e9es et des personnes \u00e0 mobilit\u00e9 r\u00e9duite. Elle r\u00e9duit \u00e9galement la<br>qualit\u00e9 de l\u2019exp\u00e9rience du front de mer, qui doit rester un lieu accessible, calme, s\u00fbr et agr\u00e9able pour tous.<\/p>\n\n\n\n<p class=\"wp-block-paragraph\">Les am\u00e9nagements actuellement en place ne permettent pas d\u2019assurer une fermeture effective de la voie ni de garantir durablement son caract\u00e8re pi\u00e9tonnier. Il est n\u00e9cessaire de mettre en \u0153uvre des moyens appropri\u00e9s, efficaces et permanents afin d\u2019emp\u00eacher la<br>circulation des automobiles, des deux-roues motoris\u00e9s et de tout autre engin<br>motoris\u00e9 non autoris\u00e9 sur cette promenade.<\/p>\n\n\n\n<p class=\"wp-block-paragraph\">Il ne s\u2019agit donc pas de demander la cr\u00e9ation d\u2019un nouvel espace pi\u00e9tonnier. Il s\u2019agit de demander le r\u00e9tablissement de la vocation initiale, historique et effective de cette voie,<br>telle qu\u2019elle a exist\u00e9 pendant de nombreuses ann\u00e9es avant son ouverture r\u00e9cente<br>\u00e0 la circulation automobile.<\/p>\n\n\n\n<p class=\"wp-block-paragraph\">Cette \u00e9volution appara\u00eet d\u2019autant plus regrettable que de nombreuses villes touristiques et baln\u00e9aires font aujourd\u2019hui le choix de r\u00e9duire la place de l\u2019automobile sur leurs fronts de<br>mer au profit d\u2019espaces pi\u00e9tonniers, plus s\u00fbrs, plus agr\u00e9ables et plus attractifs. Sa\u00efdia, station baln\u00e9aire embl\u00e9matique du Royaume, ne devrait pas prendre le chemin inverse. La valorisation de son littoral passe par la protection de ses espaces de promenade, la s\u00e9curit\u00e9 des d\u00e9placements \u00e0 pied et la pr\u00e9servation de leur tranquillit\u00e9.<\/p>\n\n\n\n<p class=\"wp-block-paragraph\">La proximit\u00e9 d\u2019un espace naturel prot\u00e9g\u00e9. Cette orientation est d\u2019autant plus importante que ce secteur du littoral se situe \u00e0 proximit\u00e9 imm\u00e9diate de l\u2019Embouchure de la Moulouya, Site d\u2019Int\u00e9r\u00eat Biologique et \u00c9cologique (SIBE) et zone humide d\u2019importance internationale class\u00e9e Ramsar. La pr\u00e9sence, aux portes de Sa\u00efdia, d\u2019un espace naturel d\u2019une telle valeur renforce l\u2019int\u00e9r\u00eat de pr\u00e9server un front de mer apais\u00e9 et de limiter les nuisances li\u00e9es \u00e0 la<br>circulation motoris\u00e9e.<\/p>\n\n\n\n<p class=\"wp-block-paragraph\">\u00c0 cela s\u2019ajoute l\u2019\u00e9tat de la voie : d\u00e9j\u00e0 d\u00e9grad\u00e9e par endroits et non con\u00e7ue pour supporter une circulation automobile r\u00e9guli\u00e8re, elle risque de se d\u00e9t\u00e9riorer davantage sous le passage r\u00e9p\u00e9t\u00e9 des v\u00e9hicules, g\u00e9n\u00e9rant des travaux et des d\u00e9penses \u00e9vitables.<\/p>\n\n\n\n<p class=\"wp-block-paragraph\">Par ailleurs, l\u2019ouverture de cette voie semble notamment faciliter la desserte des deux \u00e9tablissements nocturnes qui y ont acc\u00e8s. Or, leurs clients peuvent parfaitement s\u2019y rendre \u00e0 pied, comme cela se faisait les ann\u00e9es pr\u00e9c\u00e9dentes lorsque la promenade \u00e9tait exclusivement pi\u00e9tonne.<\/p>\n\n\n\n<p class=\"wp-block-paragraph\">L\u2019un de ces \u00e9tablissements est aujourd\u2019hui ferm\u00e9. Les \u00e9v\u00e9nements dramatiques survenus dans ce secteur dans la nuit du 10 au 11 ao\u00fbt 2026, au cours desquels une personne a perdu la vie, constituent un \u00e9l\u00e9ment suppl\u00e9mentaire en faveur d\u2019un espace plus apais\u00e9 et<br>s\u00e9curis\u00e9.<\/p>\n\n\n\n<p class=\"wp-block-paragraph\">Nos demandes<\/p>\n\n\n\n<p class=\"wp-block-paragraph\">Par la pr\u00e9sente p\u00e9tition, nous demandons respectueusement aux autorit\u00e9s comp\u00e9tentes :<\/p>\n\n\n\n<p class=\"wp-block-paragraph\">R\u00e9tablir la vocation pi\u00e9tonne historique de la voie, en la fermant \u00e0 la circulation automobile, aux deux-roues et autres engins motoris\u00e9s non autoris\u00e9s, et en y interdisant le stationnement.<br>Inscrire durablement cette vocation pi\u00e9tonne dans les documents d\u2019urbanisme, afin d\u2019\u00e9viter toute nouvelle ouverture \u00e0 la circulation automobile.<br>Mettre en place les moyens mat\u00e9riels et r\u00e9glementaires n\u00e9cessaires ainsi qu\u2019un contr\u00f4le effectif permettant de garantir le respect de cette interdiction.<br>Maintenir les seules exceptions indispensables pour les v\u00e9hicules de secours, de s\u00e9curit\u00e9 et d\u2019entretien, dans des conditions clairement d\u00e9finies.<br>Engager une r\u00e9flexion globale sur la valorisation du front de mer de Sa\u00efdia, fond\u00e9e sur la s\u00e9curit\u00e9 des pi\u00e9tons, la tranquillit\u00e9, l\u2019accessibilit\u00e9, la pr\u00e9servation de l\u2019environnement et l\u2019attractivit\u00e9 touristique.<br>Sa\u00efdia a vocation \u00e0 \u00eatre une station baln\u00e9aire moderne, accueillante et attractive. La protection de ses espaces de promenade et la priorit\u00e9 donn\u00e9e aux pi\u00e9tons constituent une<br>condition essentielle de la s\u00e9curit\u00e9, de la qualit\u00e9 de vie et de la valorisation durable de son front de mer.<\/p>\n\n\n\n<p class=\"wp-block-paragraph\">Alors que les villes baln\u00e9aires tendent \u00e0 rendre davantage d\u2019espace aux pi\u00e9tons et \u00e0 apaiser leurs fronts de mer, Sa\u00efdia ne doit pas suivre une orientation contraire. Nous demandons donc que cette voie retrouve durablement sa fonction de promenade pi\u00e9tonne, s\u00fbre, accessible, conviviale et digne d\u2019une grande station touristique.<\/p>\n\n\n\n<p class=\"wp-block-paragraph\">Veuillez agr\u00e9er, Monsieur le Gouverneur, l\u2019expression de notre consid\u00e9ration distingu\u00e9e.<br>*<\/p>\n","protected":false},"excerpt":{"rendered":"<p>\u00c0 l\u2019attention de Monsieur le Gouverneur de la Province deBerkane Objet Demande de fermeture \u00e0 la circulation automobile et aux engins motoris\u00e9s, de restitution de la voie pi\u00e9tonne et du maintien durable de sa vocation pi\u00e9tonne Monsieur le Gouverneur, Nous, habitants, r\u00e9sidents, propri\u00e9taires, associations, commer\u00e7ants, estivants et usagers de Sa\u00efdia, souhaitons attirer votre attention sur [&hellip;]<\/p>\n","protected":false},"author":1,"featured_media":4621,"comment_status":"open","ping_status":"open","sticky":false,"template":"","format":"standard","meta":{"footnotes":""},"categories":[1],"tags":[],"class_list":["post-4620","post","type-post","status-publish","format-standard","has-post-thumbnail","hentry","category-additional"],"_links":{"self":[{"href":"https:\/\/nasnews.press.ma\/index.php?rest_route=\/wp\/v2\/posts\/4620","targetHints":{"allow":["GET"]}}],"collection":[{"href":"https:\/\/nasnews.press.ma\/index.php?rest_route=\/wp\/v2\/posts"}],"about":[{"href":"https:\/\/nasnews.press.ma\/index.php?rest_route=\/wp\/v2\/types\/post"}],"author":[{"embeddable":true,"href":"https:\/\/nasnews.press.ma\/index.php?rest_route=\/wp\/v2\/users\/1"}],"replies":[{"embeddable":true,"href":"https:\/\/nasnews.press.ma\/index.php?rest_route=%2Fwp%2Fv2%2Fcomments&post=4620"}],"version-history":[{"count":1,"href":"https:\/\/nasnews.press.ma\/index.php?rest_route=\/wp\/v2\/posts\/4620\/revisions"}],"predecessor-version":[{"id":4622,"href":"https:\/\/nasnews.press.ma\/index.php?rest_route=\/wp\/v2\/posts\/4620\/revisions\/4622"}],"wp:featuredmedia":[{"embeddable":true,"href":"https:\/\/nasnews.press.ma\/index.php?rest_route=\/wp\/v2\/media\/4621"}],"wp:attachment":[{"href":"https:\/\/nasnews.press.ma\/index.php?rest_route=%2Fwp%2Fv2%2Fmedia&parent=4620"}],"wp:term":[{"taxonomy":"category","embeddable":true,"href":"https:\/\/nasnews.press.ma\/index.php?rest_route=%2Fwp%2Fv2%2Fcategories&post=4620"},{"taxonomy":"post_tag","embeddable":true,"href":"https:\/\/nasnews.press.ma\/index.php?rest_route=%2Fwp%2Fv2%2Ftags&post=4620"}],"curies":[{"name":"wp","href":"https:\/\/api.w.org\/{rel}","templated":true}]}}